{"id":10106,"date":"2025-06-25T13:45:09","date_gmt":"2025-06-25T13:45:09","guid":{"rendered":"https:\/\/wp.azde2.ork1.de\/news\/vor-ort-seminar-ultraschall-abdomen-fur-anfanger-und-leicht-fortgeschrittene\/"},"modified":"2026-03-26T08:48:52","modified_gmt":"2026-03-26T08:48:52","slug":"vor-ort-seminar-ultraschall-abdomen-fur-anfanger-und-leicht-fortgeschrittene","status":"publish","type":"news","link":"https:\/\/or-technology.com\/de\/news\/vor-ort-seminar-ultraschall-abdomen-fur-anfanger-und-leicht-fortgeschrittene\/","title":{"rendered":"Vor-Ort-Seminar: Ultraschall Abdomen f\u00fcr Anf\u00e4nger und leicht Fortgeschrittene"},"content":{"rendered":"\n<p><strong>Sie stehen am Anfang Ihrer Erfahrungen mit der abdominalen Sonographie?<\/strong><br>Dann ist dieses Seminar genau das Richtige: Am <strong>30. August 2025<\/strong> laden wir Sie nach <strong>Rostock<\/strong> ein, um gemeinsam mit erfahrenen Kolleg:innen den Einstieg in die Ultraschalluntersuchung des Abdomens zu vertiefen \u2013 praxisnah, kompakt und unter Anleitung.<\/p>\n\n\n\n<p>Ideal f\u00fcr Anf\u00e4nger:innen und leicht Fortgeschrittene, die bereits erste Erfahrungen gesammelt haben und sich mehr Sicherheit in der t\u00e4glichen Anwendung w\u00fcnschen.<\/p>\n\n\n\n<p><strong>Besonderes Extra:<\/strong><br><strong>50\u202f\u20ac Rabatt<\/strong>, wenn Sie Ihren eigenen Hund mitbringen und f\u00fcr die Schall\u00fcbungen zur Verf\u00fcgung stellen!<\/p>\n\n\n\n<p><strong>Termin:<\/strong> 30. August 2025, 09:00 Uhr<br><strong>Ort:<\/strong> OR OstseeCollege, Rostock<br><strong>Preis:<\/strong> 790\u202f\u20ac zzgl. MwSt.<\/p>\n\n\n\n<p><strong>Jetzt Platz sichern und anmelden!<\/strong><\/p>\n\n\n\n<p>Alle Infos und Buchung direkt unter:<\/p>\n\n\n\n<p><a href=\"https:\/\/shop.or-technology.com\/products\/vor-ort-seminar-ultraschall-abdomen-fur-anfanger-und-leicht-fortgeschrittene\" target=\"_blank\" rel=\"noreferrer noopener\"><strong>Vor-Ort-Seminar: Ultraschall Abdomen<\/strong><\/a><\/p>\n","protected":false},"featured_media":0,"parent":0,"template":"","class_list":["post-10106","news","type-news","status-publish","hentry"],"acf":[],"yoast_head":"<!-- This site is optimized with the Yoast SEO plugin v27.2 - https:\/\/yoast.com\/product\/yoast-seo-wordpress\/ -->\n<title>Vor-Ort-Seminar: Ultraschall Abdomen f\u00fcr Anf\u00e4nger und leicht Fortgeschrittene - Oehm und Rehbein<\/title>\n<meta name=\"robots\" content=\"index, follow, max-snippet:-1, max-image-preview:large, max-video-preview:-1\" \/>\n<link rel=\"canonical\" href=\"https:\/\/or-technology.com\/de\/news\/vor-ort-seminar-ultraschall-abdomen-fur-anfanger-und-leicht-fortgeschrittene\/\" \/>\n<meta property=\"og:locale\" content=\"de_DE\" \/>\n<meta property=\"og:type\" content=\"article\" \/>\n<meta property=\"og:title\" content=\"Vor-Ort-Seminar: Ultraschall Abdomen f\u00fcr Anf\u00e4nger und leicht Fortgeschrittene - Oehm und Rehbein\" \/>\n<meta property=\"og:description\" content=\"Sie stehen am Anfang Ihrer Erfahrungen mit der abdominalen Sonographie?Dann ist dieses Seminar genau das Richtige: Am 30. August 2025 laden wir Sie nach Rostock ein, um gemeinsam mit erfahrenen ...\" \/>\n<meta property=\"og:url\" content=\"https:\/\/or-technology.com\/de\/news\/vor-ort-seminar-ultraschall-abdomen-fur-anfanger-und-leicht-fortgeschrittene\/\" \/>\n<meta property=\"og:site_name\" content=\"Oehm und Rehbein\" \/>\n<meta property=\"article:publisher\" content=\"https:\/\/www.facebook.com\/OehmundRehbein\" \/>\n<meta property=\"article:modified_time\" content=\"2026-03-26T08:48:52+00:00\" \/>\n<meta name=\"twitter:card\" content=\"summary_large_image\" \/>\n<script type=\"application\/ld+json\" class=\"yoast-schema-graph\">{\"@context\":\"https:\/\/schema.org\",\"@graph\":[{\"@type\":\"WebPage\",\"@id\":\"https:\/\/or-technology.com\/de\/news\/vor-ort-seminar-ultraschall-abdomen-fur-anfanger-und-leicht-fortgeschrittene\/\",\"url\":\"https:\/\/or-technology.com\/de\/news\/vor-ort-seminar-ultraschall-abdomen-fur-anfanger-und-leicht-fortgeschrittene\/\",\"name\":\"Vor-Ort-Seminar: Ultraschall Abdomen f\u00fcr Anf\u00e4nger und leicht Fortgeschrittene - Oehm und Rehbein\",\"isPartOf\":{\"@id\":\"https:\/\/or-technology.com\/de\/#website\"},\"datePublished\":\"2025-06-25T13:45:09+00:00\",\"dateModified\":\"2026-03-26T08:48:52+00:00\",\"breadcrumb\":{\"@id\":\"https:\/\/or-technology.com\/de\/news\/vor-ort-seminar-ultraschall-abdomen-fur-anfanger-und-leicht-fortgeschrittene\/#breadcrumb\"},\"inLanguage\":\"de\",\"potentialAction\":[{\"@type\":\"ReadAction\",\"target\":[\"https:\/\/or-technology.com\/de\/news\/vor-ort-seminar-ultraschall-abdomen-fur-anfanger-und-leicht-fortgeschrittene\/\"]}]},{\"@type\":\"BreadcrumbList\",\"@id\":\"https:\/\/or-technology.com\/de\/news\/vor-ort-seminar-ultraschall-abdomen-fur-anfanger-und-leicht-fortgeschrittene\/#breadcrumb\",\"itemListElement\":[{\"@type\":\"ListItem\",\"position\":1,\"name\":\"Home\",\"item\":\"https:\/\/or-technology.com\/de\/\"},{\"@type\":\"ListItem\",\"position\":2,\"name\":\"Vor-Ort-Seminar: Ultraschall Abdomen f\u00fcr Anf\u00e4nger und leicht Fortgeschrittene\"}]},{\"@type\":\"WebSite\",\"@id\":\"https:\/\/or-technology.com\/de\/#website\",\"url\":\"https:\/\/or-technology.com\/de\/\",\"name\":\"OR Technology\",\"description\":\"Instant. Diagnostic. Imaging.\",\"publisher\":{\"@id\":\"https:\/\/or-technology.com\/de\/#organization\"},\"potentialAction\":[{\"@type\":\"SearchAction\",\"target\":{\"@type\":\"EntryPoint\",\"urlTemplate\":\"https:\/\/or-technology.com\/de\/?s={search_term_string}\"},\"query-input\":{\"@type\":\"PropertyValueSpecification\",\"valueRequired\":true,\"valueName\":\"search_term_string\"}}],\"inLanguage\":\"de\"},{\"@type\":\"Organization\",\"@id\":\"https:\/\/or-technology.com\/de\/#organization\",\"name\":\"OR Technology\",\"alternateName\":\"OR Technology\",\"url\":\"https:\/\/or-technology.com\/de\/\",\"logo\":{\"@type\":\"ImageObject\",\"inLanguage\":\"de\",\"@id\":\"https:\/\/or-technology.com\/de\/#\/schema\/logo\/image\/\",\"url\":\"https:\/\/or-technology.com\/wp-content\/uploads\/2026\/03\/Logo-und-Slogan-EN-blau-verkurzt.svg\",\"contentUrl\":\"https:\/\/or-technology.com\/wp-content\/uploads\/2026\/03\/Logo-und-Slogan-EN-blau-verkurzt.svg\",\"width\":\"1024\",\"height\":\"1024\",\"caption\":\"OR Technology\"},\"image\":{\"@id\":\"https:\/\/or-technology.com\/de\/#\/schema\/logo\/image\/\"},\"sameAs\":[\"https:\/\/www.facebook.com\/OehmundRehbein\",\"https:\/\/www.instagram.com\/or.technology\/\",\"https:\/\/de.linkedin.com\/company\/oehm-und-rehbein-gmbh\",\"https:\/\/www.youtube.com\/@ORTechnology\"]}]}<\/script>\n<!-- \/ Yoast SEO plugin. -->","yoast_head_json":{"title":"Vor-Ort-Seminar: Ultraschall Abdomen f\u00fcr Anf\u00e4nger und leicht Fortgeschrittene - Oehm und Rehbein","robots":{"index":"index","follow":"follow","max-snippet":"max-snippet:-1","max-image-preview":"max-image-preview:large","max-video-preview":"max-video-preview:-1"},"canonical":"https:\/\/or-technology.com\/de\/news\/vor-ort-seminar-ultraschall-abdomen-fur-anfanger-und-leicht-fortgeschrittene\/","og_locale":"de_DE","og_type":"article","og_title":"Vor-Ort-Seminar: Ultraschall Abdomen f\u00fcr Anf\u00e4nger und leicht Fortgeschrittene - Oehm und Rehbein","og_description":"Sie stehen am Anfang Ihrer Erfahrungen mit der abdominalen Sonographie?Dann ist dieses Seminar genau das Richtige: Am 30. August 2025 laden wir Sie nach Rostock ein, um gemeinsam mit erfahrenen ...","og_url":"https:\/\/or-technology.com\/de\/news\/vor-ort-seminar-ultraschall-abdomen-fur-anfanger-und-leicht-fortgeschrittene\/","og_site_name":"Oehm und Rehbein","article_publisher":"https:\/\/www.facebook.com\/OehmundRehbein","article_modified_time":"2026-03-26T08:48:52+00:00","twitter_card":"summary_large_image","schema":{"@context":"https:\/\/schema.org","@graph":[{"@type":"WebPage","@id":"https:\/\/or-technology.com\/de\/news\/vor-ort-seminar-ultraschall-abdomen-fur-anfanger-und-leicht-fortgeschrittene\/","url":"https:\/\/or-technology.com\/de\/news\/vor-ort-seminar-ultraschall-abdomen-fur-anfanger-und-leicht-fortgeschrittene\/","name":"Vor-Ort-Seminar: Ultraschall Abdomen f\u00fcr Anf\u00e4nger und leicht Fortgeschrittene - Oehm und Rehbein","isPartOf":{"@id":"https:\/\/or-technology.com\/de\/#website"},"datePublished":"2025-06-25T13:45:09+00:00","dateModified":"2026-03-26T08:48:52+00:00","breadcrumb":{"@id":"https:\/\/or-technology.com\/de\/news\/vor-ort-seminar-ultraschall-abdomen-fur-anfanger-und-leicht-fortgeschrittene\/#breadcrumb"},"inLanguage":"de","potentialAction":[{"@type":"ReadAction","target":["https:\/\/or-technology.com\/de\/news\/vor-ort-seminar-ultraschall-abdomen-fur-anfanger-und-leicht-fortgeschrittene\/"]}]},{"@type":"BreadcrumbList","@id":"https:\/\/or-technology.com\/de\/news\/vor-ort-seminar-ultraschall-abdomen-fur-anfanger-und-leicht-fortgeschrittene\/#breadcrumb","itemListElement":[{"@type":"ListItem","position":1,"name":"Home","item":"https:\/\/or-technology.com\/de\/"},{"@type":"ListItem","position":2,"name":"Vor-Ort-Seminar: Ultraschall Abdomen f\u00fcr Anf\u00e4nger und leicht Fortgeschrittene"}]},{"@type":"WebSite","@id":"https:\/\/or-technology.com\/de\/#website","url":"https:\/\/or-technology.com\/de\/","name":"OR Technology","description":"Instant. Diagnostic. Imaging.","publisher":{"@id":"https:\/\/or-technology.com\/de\/#organization"},"potentialAction":[{"@type":"SearchAction","target":{"@type":"EntryPoint","urlTemplate":"https:\/\/or-technology.com\/de\/?s={search_term_string}"},"query-input":{"@type":"PropertyValueSpecification","valueRequired":true,"valueName":"search_term_string"}}],"inLanguage":"de"},{"@type":"Organization","@id":"https:\/\/or-technology.com\/de\/#organization","name":"OR Technology","alternateName":"OR Technology","url":"https:\/\/or-technology.com\/de\/","logo":{"@type":"ImageObject","inLanguage":"de","@id":"https:\/\/or-technology.com\/de\/#\/schema\/logo\/image\/","url":"https:\/\/or-technology.com\/wp-content\/uploads\/2026\/03\/Logo-und-Slogan-EN-blau-verkurzt.svg","contentUrl":"https:\/\/or-technology.com\/wp-content\/uploads\/2026\/03\/Logo-und-Slogan-EN-blau-verkurzt.svg","width":"1024","height":"1024","caption":"OR Technology"},"image":{"@id":"https:\/\/or-technology.com\/de\/#\/schema\/logo\/image\/"},"sameAs":["https:\/\/www.facebook.com\/OehmundRehbein","https:\/\/www.instagram.com\/or.technology\/","https:\/\/de.linkedin.com\/company\/oehm-und-rehbein-gmbh","https:\/\/www.youtube.com\/@ORTechnology"]}]}},"_links":{"self":[{"href":"https:\/\/or-technology.com\/de\/wp-json\/wp\/v2\/news\/10106","targetHints":{"allow":["GET"]}}],"collection":[{"href":"https:\/\/or-technology.com\/de\/wp-json\/wp\/v2\/news"}],"about":[{"href":"https:\/\/or-technology.com\/de\/wp-json\/wp\/v2\/types\/news"}],"wp:attachment":[{"href":"https:\/\/or-technology.com\/de\/wp-json\/wp\/v2\/media?parent=10106"}],"curies":[{"name":"wp","href":"https:\/\/api.w.org\/{rel}","templated":true}]}}